{"id":866,"date":"2020-04-24T16:59:35","date_gmt":"2020-04-24T16:59:35","guid":{"rendered":"https:\/\/martapalencia.wordpress.com\/2020\/04\/24\/florence-nightingale-podcast-lila-27\/"},"modified":"2020-04-24T16:59:35","modified_gmt":"2020-04-24T16:59:35","slug":"florence-nightingale-podcast-lila-27","status":"publish","type":"post","link":"https:\/\/martapalencia.com\/?p=866","title":{"rendered":"Florence Nightingale: Podcast Lila 27"},"content":{"rendered":"<p>En estos d\u00edas tan extra\u00f1os por el #covid19 existen numerosas muestras de agradecimiento al colectivo de m\u00e9dicos y enfermer@s. De ah\u00ed que quiera compartir contigo este Podcast Lila sobre una #mujer cuya labor profesional est\u00e1 vinculada al \u00e1mbito sanitario y fue important\u00edsima para la #enfermer\u00eda<br \/>\nEn esta ocasi\u00f3n te invito a descubrir la historia de Florence Nightingale: enfermera, escritora y estadista, la aut\u00e9ntica pionera de la enfermer\u00eda profesional moderna.<br \/>\nEscucha, ESCUCHA&#8230;.<\/p>\n","protected":false},"excerpt":{"rendered":"<p>En estos d\u00edas tan extra\u00f1os por el #covid19 existen numerosas muestras de agradecimiento al colectivo de m\u00e9dicos y enfermer@s. De ah\u00ed que quiera compartir contigo este Podcast Lila sobre una #mujer cuya labor profesional est\u00e1 vinculada al \u00e1mbito sanitario y fue important\u00edsima para la #enfermer\u00eda En esta ocasi\u00f3n te invito a descubrir la historia de [&hellip;]<\/p>\n","protected":false},"author":1,"featured_media":0,"comment_status":"open","ping_status":"open","sticky":false,"template":"","format":"standard","meta":{"_et_pb_use_builder":"","_et_pb_old_content":"","_et_gb_content_width":""},"categories":[2,3,6,9],"tags":[81,87,138],"_links":{"self":[{"href":"https:\/\/martapalencia.com\/index.php?rest_route=\/wp\/v2\/posts\/866"}],"collection":[{"href":"https:\/\/martapalencia.com\/index.php?rest_route=\/wp\/v2\/posts"}],"about":[{"href":"https:\/\/martapalencia.com\/index.php?rest_route=\/wp\/v2\/types\/post"}],"author":[{"embeddable":true,"href":"https:\/\/martapalencia.com\/index.php?rest_route=\/wp\/v2\/users\/1"}],"replies":[{"embeddable":true,"href":"https:\/\/martapalencia.com\/index.php?rest_route=%2Fwp%2Fv2%2Fcomments&post=866"}],"version-history":[{"count":0,"href":"https:\/\/martapalencia.com\/index.php?rest_route=\/wp\/v2\/posts\/866\/revisions"}],"wp:attachment":[{"href":"https:\/\/martapalencia.com\/index.php?rest_route=%2Fwp%2Fv2%2Fmedia&parent=866"}],"wp:term":[{"taxonomy":"category","embeddable":true,"href":"https:\/\/martapalencia.com\/index.php?rest_route=%2Fwp%2Fv2%2Fcategories&post=866"},{"taxonomy":"post_tag","embeddable":true,"href":"https:\/\/martapalencia.com\/index.php?rest_route=%2Fwp%2Fv2%2Ftags&post=866"}],"curies":[{"name":"wp","href":"https:\/\/api.w.org\/{rel}","templated":true}]}}