{"id":621,"date":"2017-08-13T14:19:51","date_gmt":"2017-08-13T14:19:51","guid":{"rendered":"https:\/\/martapalencia.wordpress.com\/?p=621"},"modified":"2017-08-13T14:19:51","modified_gmt":"2017-08-13T14:19:51","slug":"en-agosto-te-sigo-acercando-al-futuro-mas-proximo","status":"publish","type":"post","link":"https:\/\/martapalencia.com\/?p=621","title":{"rendered":"En agosto&#8230;.te sigo acercando al futuro m\u00e1s pr\u00f3ximo&#8230;."},"content":{"rendered":"<p>Feliz verano, \u00bfc\u00f3mo est\u00e1s?<\/p>\n<p>Quiero hacerte part\u00edcipe de una de mis actividades comunicativas, la de realizadora de un fant\u00e1stico programa de radio, que sigue en marcha a lo largo del mes de agosto, por las emisoras de Gestiona Radio&#8230;<\/p>\n<p>http:\/\/www.gestionaradio.com\/shows\/en-clave-de-tecnologia\/<\/p>\n<p>S\u00ed, se trata del programa de radio que realizo, en el que te propongo dejarte atrapar por el futuro tecnol\u00f3gico m\u00e1s pr\u00f3ximo, y que puedes seguir escuchando, de lunes a viernes, a las 14.05h. \ud83d\ude09<\/p>\n<p>Me encantar\u00e1 acompa\u00f1arte!<\/p>\n<p>Aqu\u00ed tienes los enlaces para escuchar todos nuestros podcast:<\/p>\n<p>https:\/\/www.ivoox.com\/podcast-marta-palencia-lefler-ecdt_sq_f1265854_1.html<\/p>\n<p>http:\/\/www.ivoox.com\/podcast-en-clave-tecnologia_sq_f1108166_1.html<\/p>\n<p>&nbsp;<\/p>\n<p>Un abrazo virtual!<\/p>\n<p>Marta.<\/p>\n<p>&nbsp;<\/p>\n<p><img decoding=\"async\" loading=\"lazy\" class=\"alignnone size-full wp-image-626\" src=\"https:\/\/martapalencia.files.wordpress.com\/2017\/08\/foto-perfil-fondo-1500x500-playa-agosto2017-v2.jpg\" alt=\"foto-perfil-fondo-1500x500-playa-agosto2017-v2\" width=\"1500\" height=\"500\" srcset=\"https:\/\/martapalencia.com\/wp-content\/uploads\/2017\/08\/foto-perfil-fondo-1500x500-playa-agosto2017-v2.jpg 1500w, https:\/\/martapalencia.com\/wp-content\/uploads\/2017\/08\/foto-perfil-fondo-1500x500-playa-agosto2017-v2-300x100.jpg 300w, https:\/\/martapalencia.com\/wp-content\/uploads\/2017\/08\/foto-perfil-fondo-1500x500-playa-agosto2017-v2-1024x341.jpg 1024w, https:\/\/martapalencia.com\/wp-content\/uploads\/2017\/08\/foto-perfil-fondo-1500x500-playa-agosto2017-v2-768x256.jpg 768w, https:\/\/martapalencia.com\/wp-content\/uploads\/2017\/08\/foto-perfil-fondo-1500x500-playa-agosto2017-v2-1200x400.jpg 1200w\" sizes=\"(max-width: 1500px) 100vw, 1500px\" \/><\/p>\n","protected":false},"excerpt":{"rendered":"<p>Feliz verano, \u00bfc\u00f3mo est\u00e1s? Quiero hacerte part\u00edcipe de una de mis actividades comunicativas, la de realizadora de un fant\u00e1stico programa de radio, que sigue en marcha a lo largo del mes de agosto, por las emisoras de Gestiona Radio&#8230; http:\/\/www.gestionaradio.com\/shows\/en-clave-de-tecnologia\/ S\u00ed, se trata del programa de radio que realizo, en el que te propongo dejarte [&hellip;]<\/p>\n","protected":false},"author":1,"featured_media":0,"comment_status":"open","ping_status":"open","sticky":false,"template":"","format":"standard","meta":{"_et_pb_use_builder":"","_et_pb_old_content":"","_et_gb_content_width":""},"categories":[2,6,9,13],"tags":[161,191],"_links":{"self":[{"href":"https:\/\/martapalencia.com\/index.php?rest_route=\/wp\/v2\/posts\/621"}],"collection":[{"href":"https:\/\/martapalencia.com\/index.php?rest_route=\/wp\/v2\/posts"}],"about":[{"href":"https:\/\/martapalencia.com\/index.php?rest_route=\/wp\/v2\/types\/post"}],"author":[{"embeddable":true,"href":"https:\/\/martapalencia.com\/index.php?rest_route=\/wp\/v2\/users\/1"}],"replies":[{"embeddable":true,"href":"https:\/\/martapalencia.com\/index.php?rest_route=%2Fwp%2Fv2%2Fcomments&post=621"}],"version-history":[{"count":0,"href":"https:\/\/martapalencia.com\/index.php?rest_route=\/wp\/v2\/posts\/621\/revisions"}],"wp:attachment":[{"href":"https:\/\/martapalencia.com\/index.php?rest_route=%2Fwp%2Fv2%2Fmedia&parent=621"}],"wp:term":[{"taxonomy":"category","embeddable":true,"href":"https:\/\/martapalencia.com\/index.php?rest_route=%2Fwp%2Fv2%2Fcategories&post=621"},{"taxonomy":"post_tag","embeddable":true,"href":"https:\/\/martapalencia.com\/index.php?rest_route=%2Fwp%2Fv2%2Ftags&post=621"}],"curies":[{"name":"wp","href":"https:\/\/api.w.org\/{rel}","templated":true}]}}