{"id":179,"date":"2014-05-23T16:31:23","date_gmt":"2014-05-23T16:31:23","guid":{"rendered":"http:\/\/martapalencia.wordpress.com\/?p=179"},"modified":"2014-05-23T16:31:23","modified_gmt":"2014-05-23T16:31:23","slug":"dia-mundial-de-las-telecomunicaciones-y-de-internet","status":"publish","type":"post","link":"https:\/\/martapalencia.com\/?p=179","title":{"rendered":"D\u00eda Mundial de las Telecomunicaciones y de Internet"},"content":{"rendered":"<p>\u00bfSab\u00edas que el 17 de mayo es el d\u00eda en el que se celebra el D\u00eda Mundial de las Telecomunicaciones?<\/p>\n<p>ESCUCHA PODCAST:<\/p>\n<p><iframe loading=\"lazy\" title=\"Marta Palencia-D\u00eda Mundial De Las Telecomunicaciones\" width=\"100%\" height=\"120\" src=\"https:\/\/www.mixcloud.com\/widget\/iframe\/?feed=https%3A%2F%2Fwww.mixcloud.com%2Fmartapalencialefler%2Fmarta-palencia-d%25C3%25ADa-mundial-de-las-telecomunicaciones%2F&amp;hide_cover=1\" frameborder=\"0\"><\/iframe><\/p>\n<p>El 17 de mayo de 1865 se fund\u00f3 en Par\u00eds (Francia) la Uni\u00f3n Internacional de Tel\u00e9grafos que, en 1934, adopt\u00f3 el nombre de Uni\u00f3n Internacional de Telecomunicaciones (UIT).<\/p>\n<p><a href=\"http:\/\/martapalencia.files.wordpress.com\/2014\/05\/dia-de-internet.jpg\"><img decoding=\"async\" loading=\"lazy\" id=\"i-190\" class=\"wp-image aligncenter\" src=\"http:\/\/martapalencia.files.wordpress.com\/2014\/05\/dia-de-internet.jpg?w=490\" alt=\"Imagen\" width=\"494\" height=\"320\" \/><\/a><!--more--><\/p>\n<p>Es la m\u00e1s antigua organizaci\u00f3n intergubernamental de las Naciones Unidas y algunas de sus funciones son:<\/p>\n<p>-promover el desarrollo y el funcionamiento eficiente de las instalaciones de telecomunicaciones entre las diferentes administraciones y empresas operadoras<\/p>\n<p>-lograr que los beneficios de las nuevas tecnolog\u00edas lleguen a todas las personas y ofrecer asistencia t\u00e9cnica a los pa\u00edses en desarrollo.<\/p>\n<p>Este acontecimiento se celebra desde el a\u00f1o 1969 por parte de la Uni\u00f3n Internacional de Telecomunicaciones.<\/p>\n<p>En el a\u00f1o 2005, la Cumbre Mundial sobre la Sociedad de la Informaci\u00f3n pidi\u00f3 a la Asamblea General de las Naciones Unidas que declarase el 17 de mayo como D\u00eda Mundial de la Sociedad de la Informaci\u00f3n (popularmente conocido como D\u00eda de Internet).<\/p>\n<p>Fue un a\u00f1o despu\u00e9s, en el 2006, cuando desde la Uni\u00f3n Internacional de Telecomunicaciones reunida en Turqu\u00eda, se decidi\u00f3 celebrar dos acontecimientos: el D\u00eda Mundial de las Telecomunicaciones y de la Sociedad de la Informaci\u00f3n o Internet.<\/p>\n<p>La celebraci\u00f3n de esta fecha tiene como objetivo principal:<\/p>\n<p>-dar a conocer las posibilidades que ofrece la utilizaci\u00f3n de Internet y otras tecnolog\u00edas de la informaci\u00f3n y la comunicaci\u00f3n (las llamadas TIC) a las diferentes sociedades y econom\u00edas,<\/p>\n<p>-as\u00ed como reducir la brecha digital que existe en el acceso a las TIC en el mundo y preparar planes de acci\u00f3n y pol\u00edticas para reducir esta desigualdad.<\/p>\n<p>Desde Naciones Unidas se pretende construir una sociedad de la informaci\u00f3n centrada en las personas, que sea integradora y orientada al desarrollo.<\/p>\n<p>El tema para este 2014 ha sido \u201cBanda ancha para el desarrollo sostenible\u201d, y ha centrado la atenci\u00f3n en dos objetivos:<\/p>\n<p>-el compromiso de m\u00faltiples partes interesadas con el fin de lograr el acceso universal a la conectividad y los contenidos de banda ancha y&#8230;<\/p>\n<p>-fomentar la voluntad pol\u00edtica (que es la que tiene el poder y en muchas ocasiones no sigue el ritmo de la evoluci\u00f3n tecnol\u00f3gica) de alcanzar este objetivo.<\/p>\n<p>Esta infraestructura de <strong>banda ancha<\/strong> es una<strong>\u00a0herramienta fundamental, <\/strong>de la que se sirven<strong> las TIC<\/strong> (Tecnolog\u00edas de la Informaci\u00f3n y Comunicaci\u00f3n) y que contribuyen directamente en la construcci\u00f3n de los <strong>3 pilares b\u00e1sicos del llamado desarrollo sostenible<\/strong>:<\/p>\n<p>-el crecimiento econ\u00f3mico, la \u00a0integraci\u00f3n social y el equilibrio medioambiental.<\/p>\n<p>El desarrollo de la infraestructura de <strong>banda ancha<\/strong> es un elemento esencial para <strong>garantizar que las TIC se utilicen de manera innovadora\u00a0como\u00a0veh\u00edculos para la prestaci\u00f3n de servicios<\/strong> de <strong>salud, \u00a0intercambios y comercio<\/strong> a fin de lograr un crecimiento socioecon\u00f3mico sostenible. Sin olvidarnos de\u00a0su efecto favorable en la <strong>educaci\u00f3n.<\/strong><\/p>\n<p><strong>Est\u00e1 claro que la promoci\u00f3n de las TIC es un elemento fundamental y necesario para el desarrollo socioecon\u00f3mico,<\/strong>siempre que \u00e9stas se utilicen de la manera adecuada, claro.<\/p>\n<p>Marta Palencia-Lefler.<\/p>\n","protected":false},"excerpt":{"rendered":"<p>\u00bfSab\u00edas que el 17 de mayo es el d\u00eda en el que se celebra el D\u00eda Mundial de las Telecomunicaciones? ESCUCHA PODCAST: El 17 de mayo de 1865 se fund\u00f3 en Par\u00eds (Francia) la Uni\u00f3n Internacional de Tel\u00e9grafos que, en 1934, adopt\u00f3 el nombre de Uni\u00f3n Internacional de Telecomunicaciones (UIT).<\/p>\n","protected":false},"author":1,"featured_media":0,"comment_status":"open","ping_status":"open","sticky":false,"template":"","format":"standard","meta":{"_et_pb_use_builder":"","_et_pb_old_content":"","_et_gb_content_width":""},"categories":[3,9,13],"tags":[65,113,181,201],"_links":{"self":[{"href":"https:\/\/martapalencia.com\/index.php?rest_route=\/wp\/v2\/posts\/179"}],"collection":[{"href":"https:\/\/martapalencia.com\/index.php?rest_route=\/wp\/v2\/posts"}],"about":[{"href":"https:\/\/martapalencia.com\/index.php?rest_route=\/wp\/v2\/types\/post"}],"author":[{"embeddable":true,"href":"https:\/\/martapalencia.com\/index.php?rest_route=\/wp\/v2\/users\/1"}],"replies":[{"embeddable":true,"href":"https:\/\/martapalencia.com\/index.php?rest_route=%2Fwp%2Fv2%2Fcomments&post=179"}],"version-history":[{"count":0,"href":"https:\/\/martapalencia.com\/index.php?rest_route=\/wp\/v2\/posts\/179\/revisions"}],"wp:attachment":[{"href":"https:\/\/martapalencia.com\/index.php?rest_route=%2Fwp%2Fv2%2Fmedia&parent=179"}],"wp:term":[{"taxonomy":"category","embeddable":true,"href":"https:\/\/martapalencia.com\/index.php?rest_route=%2Fwp%2Fv2%2Fcategories&post=179"},{"taxonomy":"post_tag","embeddable":true,"href":"https:\/\/martapalencia.com\/index.php?rest_route=%2Fwp%2Fv2%2Ftags&post=179"}],"curies":[{"name":"wp","href":"https:\/\/api.w.org\/{rel}","templated":true}]}}