{"id":171,"date":"2014-04-24T10:38:10","date_gmt":"2014-04-24T10:38:10","guid":{"rendered":"http:\/\/martapalencia.wordpress.com\/?p=171"},"modified":"2014-04-24T10:38:10","modified_gmt":"2014-04-24T10:38:10","slug":"ingenieria-informatica-carrera-de-futuro","status":"publish","type":"post","link":"https:\/\/martapalencia.com\/?p=171","title":{"rendered":"Ingenier\u00eda Inform\u00e1tica: carrera de futuro"},"content":{"rendered":"<p>La cr\u00f3nica tecnol\u00f3gica de hoy quiere hacerse eco de una buena noticia. Porque\u00a0a pesar de la actual situaci\u00f3n de crisis laboral que estamos viviendo, la inserci\u00f3n laboral de los titulados en ingenier\u00eda inform\u00e1tica cuenta con una de las mejores puntuaciones. En concreto, la tasa de ocupaci\u00f3n de los<strong> ingenieros inform\u00e1ticos<\/strong> est\u00e1 cerca del 98 por ciento.<\/p>\n<p>ESCUCHAR PODCAST:<\/p>\n<p><iframe loading=\"lazy\" title=\"Marta Palencia- Ingenieros Informaticos\" width=\"100%\" height=\"120\" src=\"https:\/\/www.mixcloud.com\/widget\/iframe\/?feed=https%3A%2F%2Fwww.mixcloud.com%2Fmartapalencialefler%2Fmarta-palencia-ingenieros-informaticos%2F&amp;hide_cover=1\" frameborder=\"0\"><\/iframe><\/p>\n<p>Seg\u00fan datos extra\u00eddos de la bolsa de trabajo de la<strong> Escuela Universitaria de Inform\u00e1tica Tom\u00e1s Cerd\u00e0<\/strong>, adscrita a la <strong>UAB,<\/strong> el 98% de los estudiantes encuentra trabajo antes de graduarse.<!--more--><\/p>\n<p>Me gustar\u00eda destacar que esta escuela universitaria inici\u00f3 su oferta formativa en el a\u00f1o 1990 impartiendo la diplomatura en Inform\u00e1tica de Gesti\u00f3n. En el actual contexto econ\u00f3mico, social y cient\u00edfico, la Escuela cre\u00f3 el grado de inform\u00e1tica y servicios con tal de adaptarse a las necesidades del mercado.<\/p>\n<p>Adem\u00e1s, el centro cuenta entre su oferta de estudios m\u00e1sters y formaci\u00f3n continuada en el \u00e1mbito del dise\u00f1o multimedia, de la gesti\u00f3n de proyectos<strong> TIC,<\/strong> y el m\u00e1ster universitario en gesti\u00f3n de la informaci\u00f3n y del conocimiento en el \u00e1mbito de la salud dirigido a graduados en titulaciones universitarias del <strong>\u00e1mbito tecnol\u00f3gico y de la salud.<\/strong><\/p>\n<p>Los datos sobre los que hoy nos basamos tambi\u00e9n son avalados por la<strong> Agencia de Calidad Universitaria<\/strong> que, en su \u00faltimo informe, revela que un trimestre despu\u00e9s de la graduaci\u00f3n, la tasa de ocupaci\u00f3n relativa a esta titulaci\u00f3n es del 95%. Adem\u00e1s, a\u00f1aden que el 80% de estos profesionales cuenta con un sueldo mensual superior a los 2.000 euros, cosa que, en los tiempos que corren, est\u00e1 muy bien.<\/p>\n<p>Otros estudios, como el de la empresa <strong>ADECCO<\/strong>, tambi\u00e9n llegan a la misma conclusi\u00f3n y a\u00f1aden el siguiente dato revelador: los ingenieros inform\u00e1ticos fueron los perfiles profesionales m\u00e1s buscados durante el a\u00f1o 2013.<\/p>\n<p>Manel Taboada, director de estudios de Postgrado de la Escuela de Inform\u00e1tica Tom\u00e1s Cerd\u00e0, destaca dos caracter\u00edsticas que, a mi modo de entender, son b\u00e1sicas para desenvolverse en el actual mundo laboral vinculado con las TIC:<\/p>\n<p>-el <strong>car\u00e1cter multidisciplinar<\/strong> de esta profesi\u00f3n, que permite a los profesionales la posibilidad de trabajar en campos diversos, y adem\u00e1s, en el contexto actual&#8230;<\/p>\n<p>-el hecho de que la inform\u00e1tica sea cada vez m\u00e1s<strong> transversal<\/strong>, cosa que ampl\u00eda mucho la demanda de estos profesionales.<\/p>\n<p>Por otra parte, es importante destacar que una de las cuestiones que m\u00e1s se trabaja desde la formaci\u00f3n acad\u00e9mica es el v\u00ednculo del profesorado con la<strong> empresa<\/strong>, algo primordial para poder asegurar la mejor preparaci\u00f3n de los alumnos y que \u00e9sta est\u00e9 claramente alineada con lo que pide el mercado laboral. Realmente, esa es\u00a0otra de las claves.<\/p>\n<p>Y es que en los estudios de grado, el 60% del profesorado combina la docencia con su carrera profesional en la empresa p\u00fablica o privada, y en los estudios de m\u00e1ster y postgrado, esa cifra se eleva hasta el 95%.<\/p>\n<p>Una vez m\u00e1s he querido destacar la importancia de estas carreras vinculadas al <strong>\u00e1mbito TIC<\/strong> que tanta importancia est\u00e1n adquiriendo y que tantas posibilidades de entrar en el mercado laboral nos est\u00e1n proporcionando.<\/p>\n<p>Ampliemos pues la <strong>vocaci\u00f3n TIC<\/strong>&#8230;es necesario!<\/p>\n<p>Marta Palencia-Lefler.<\/p>\n","protected":false},"excerpt":{"rendered":"<p>La cr\u00f3nica tecnol\u00f3gica de hoy quiere hacerse eco de una buena noticia. Porque\u00a0a pesar de la actual situaci\u00f3n de crisis laboral que estamos viviendo, la inserci\u00f3n laboral de los titulados en ingenier\u00eda inform\u00e1tica cuenta con una de las mejores puntuaciones. En concreto, la tasa de ocupaci\u00f3n de los ingenieros inform\u00e1ticos est\u00e1 cerca del 98 por [&hellip;]<\/p>\n","protected":false},"author":1,"featured_media":0,"comment_status":"open","ping_status":"open","sticky":false,"template":"","format":"standard","meta":{"_et_pb_use_builder":"","_et_pb_old_content":"","_et_gb_content_width":""},"categories":[3,6,9,12,13],"tags":[111,201,203],"_links":{"self":[{"href":"https:\/\/martapalencia.com\/index.php?rest_route=\/wp\/v2\/posts\/171"}],"collection":[{"href":"https:\/\/martapalencia.com\/index.php?rest_route=\/wp\/v2\/posts"}],"about":[{"href":"https:\/\/martapalencia.com\/index.php?rest_route=\/wp\/v2\/types\/post"}],"author":[{"embeddable":true,"href":"https:\/\/martapalencia.com\/index.php?rest_route=\/wp\/v2\/users\/1"}],"replies":[{"embeddable":true,"href":"https:\/\/martapalencia.com\/index.php?rest_route=%2Fwp%2Fv2%2Fcomments&post=171"}],"version-history":[{"count":0,"href":"https:\/\/martapalencia.com\/index.php?rest_route=\/wp\/v2\/posts\/171\/revisions"}],"wp:attachment":[{"href":"https:\/\/martapalencia.com\/index.php?rest_route=%2Fwp%2Fv2%2Fmedia&parent=171"}],"wp:term":[{"taxonomy":"category","embeddable":true,"href":"https:\/\/martapalencia.com\/index.php?rest_route=%2Fwp%2Fv2%2Fcategories&post=171"},{"taxonomy":"post_tag","embeddable":true,"href":"https:\/\/martapalencia.com\/index.php?rest_route=%2Fwp%2Fv2%2Ftags&post=171"}],"curies":[{"name":"wp","href":"https:\/\/api.w.org\/{rel}","templated":true}]}}